{"provider_url": "https://www.equador.rn.leg.br", "title": "Dia Internacional da Pessoa com Defici\u00eancia", "html": "<p><span>A C\u00e2mara Municipal de Equador acredita em uma sociedade mais justa, onde as diferen\u00e7as s\u00e3o respeitadas e todos t\u00eam a oportunidade de alcan\u00e7ar seus sonhos. Vamos juntos construir uma cidade mais inclusiva e acolhedora! \ud83d\udc99</span><br /><br /><span>\ud83d\udce2 Voc\u00ea tamb\u00e9m pode fazer a diferen\u00e7a!</span><br /><span>Promova o respeito, seja emp\u00e1tico e ajude a eliminar barreiras. Juntos, somos mais fortes!</span><br /><br /><a class=\"x1i10hfl xjbqb8w x1ejq31n xd10rxx x1sy0etr x17r0tee x972fbf xcfux6l x1qhh985 xm0m39n x9f619 x1ypdohk xt0psk2 xe8uvvx xdj266r x11i5rnm xat24cr x1mh8g0r xexx8yu x4uap5 x18d9i69 xkhd6sd x16tdsg8 x1hl2dhg xggy1nq x1a2a7pz  _aa9_ _a6hd\" href=\"https://www.instagram.com/explore/tags/inclus%C3%A3o/\" tabindex=\"0\">#Inclus\u00e3o</a><span>\u00a0</span><a class=\"x1i10hfl xjbqb8w x1ejq31n xd10rxx x1sy0etr x17r0tee x972fbf xcfux6l x1qhh985 xm0m39n x9f619 x1ypdohk xt0psk2 xe8uvvx xdj266r x11i5rnm xat24cr x1mh8g0r xexx8yu x4uap5 x18d9i69 xkhd6sd x16tdsg8 x1hl2dhg xggy1nq x1a2a7pz  _aa9_ _a6hd\" href=\"https://www.instagram.com/explore/tags/direitosdetodos/\" tabindex=\"0\">#DireitosDeTodos</a><span>\u00a0</span><a class=\"x1i10hfl xjbqb8w x1ejq31n xd10rxx x1sy0etr x17r0tee x972fbf xcfux6l x1qhh985 xm0m39n x9f619 x1ypdohk xt0psk2 xe8uvvx xdj266r x11i5rnm xat24cr x1mh8g0r xexx8yu x4uap5 x18d9i69 xkhd6sd x16tdsg8 x1hl2dhg xggy1nq x1a2a7pz  _aa9_ _a6hd\" href=\"https://www.instagram.com/explore/tags/c%C3%A2maradeequador/\" tabindex=\"0\">#C\u00e2maraDeEquador</a><span>\u00a0</span><a class=\"x1i10hfl xjbqb8w x1ejq31n xd10rxx x1sy0etr x17r0tee x972fbf xcfux6l x1qhh985 xm0m39n x9f619 x1ypdohk xt0psk2 xe8uvvx xdj266r x11i5rnm xat24cr x1mh8g0r xexx8yu x4uap5 x18d9i69 xkhd6sd x16tdsg8 x1hl2dhg xggy1nq x1a2a7pz  _aa9_ _a6hd\" href=\"https://www.instagram.com/explore/tags/diadodeficientef%C3%ADsico/\" tabindex=\"0\">#DiaDoDeficienteF\u00edsico</a></p>", "author_name": "", "version": "1.0", "author_url": "https://www.equador.rn.leg.br/author/age", "provider_name": "C\u00e2mara Municipal ", "type": "rich"}