{"provider_url": "https://www.equador.rn.leg.br", "title": "\ud83c\udfc6 Selo Ouro em Transpar\u00eancia P\u00fablica", "html": "<p><span>Essa honraria, concedida pela Associa\u00e7\u00e3o dos Membros dos Tribunais de Contas do Brasil (Atricon), avalia o grau de transpar\u00eancia ativa nos portais dos poderes e \u00f3rg\u00e3os p\u00fablicos do pa\u00eds. Para isso, foram analisados 124 crit\u00e9rios e 230 itens, com notas de 0 a 100%.</span><br /><br /><span>\ud83d\udca1 A conquista do Selo Ouro reflete o compromisso da C\u00e2mara de Equador na gest\u00e3o do Presidente F\u00e1bio Aur\u00e9lio com a transpar\u00eancia e a presta\u00e7\u00e3o de contas, atendendo aos crit\u00e9rios obrigat\u00f3rios e superando 75% de conformidade. A C\u00e2mara de Equador conquistou 88,77% no radar.</span><br /><br /><span>Parabenizamos a equipe da C\u00e2mara pelo empenho e dedica\u00e7\u00e3o nessa grandiosa conquista! \ud83d\udc4f\ud83c\udffb \ud83d\udc4f\ud83c\udffb \ud83d\udc4f\ud83c\udffb</span><br /><br /><a class=\"x1i10hfl xjbqb8w x1ejq31n xd10rxx x1sy0etr x17r0tee x972fbf xcfux6l x1qhh985 xm0m39n x9f619 x1ypdohk xt0psk2 xe8uvvx xdj266r x11i5rnm xat24cr x1mh8g0r xexx8yu x4uap5 x18d9i69 xkhd6sd x16tdsg8 x1hl2dhg xggy1nq x1a2a7pz  _aa9_ _a6hd\" href=\"https://www.instagram.com/explore/tags/transpar%C3%AAncia/\" tabindex=\"0\">#Transpar\u00eancia</a><span>\u00a0</span><a class=\"x1i10hfl xjbqb8w x1ejq31n xd10rxx x1sy0etr x17r0tee x972fbf xcfux6l x1qhh985 xm0m39n x9f619 x1ypdohk xt0psk2 xe8uvvx xdj266r x11i5rnm xat24cr x1mh8g0r xexx8yu x4uap5 x18d9i69 xkhd6sd x16tdsg8 x1hl2dhg xggy1nq x1a2a7pz  _aa9_ _a6hd\" href=\"https://www.instagram.com/explore/tags/seloouro/\" tabindex=\"0\">#SeloOuro</a><span>\u00a0</span><a class=\"x1i10hfl xjbqb8w x1ejq31n xd10rxx x1sy0etr x17r0tee x972fbf xcfux6l x1qhh985 xm0m39n x9f619 x1ypdohk xt0psk2 xe8uvvx xdj266r x11i5rnm xat24cr x1mh8g0r xexx8yu x4uap5 x18d9i69 xkhd6sd x16tdsg8 x1hl2dhg xggy1nq x1a2a7pz  _aa9_ _a6hd\" href=\"https://www.instagram.com/explore/tags/gest%C3%A3op%C3%BAblica/\" tabindex=\"0\">#Gest\u00e3oP\u00fablica</a><span>\u00a0</span><a class=\"x1i10hfl xjbqb8w x1ejq31n xd10rxx x1sy0etr x17r0tee x972fbf xcfux6l x1qhh985 xm0m39n x9f619 x1ypdohk xt0psk2 xe8uvvx xdj266r x11i5rnm xat24cr x1mh8g0r xexx8yu x4uap5 x18d9i69 xkhd6sd x16tdsg8 x1hl2dhg xggy1nq x1a2a7pz  _aa9_ _a6hd\" href=\"https://www.instagram.com/explore/tags/c%C3%A2maradeequador/\" tabindex=\"0\">#C\u00e2maraDeEquador</a></p>", "author_name": "", "version": "1.0", "author_url": "https://www.equador.rn.leg.br/author/age", "provider_name": "C\u00e2mara Municipal ", "type": "rich"}