{"provider_url": "https://www.equador.rn.leg.br", "title": "2021-2024", "html": "<table class=\"invisible\">\r\n<tbody>\r\n<tr><th>\r\n<p style=\"text-align: left; \"><a title=\"\" href=\"https://www.equador.rn.leg.br/institucional/historia-legislatura/2021-2024/jose-geraldo-da-silva-junior-1\" class=\"external-link\" target=\"_blank\"><img src=\"https://www.equador.rn.leg.br/copy2_of_image.png\" alt=\"\" class=\"image-inline\" title=\"\" /></a></p>\r\n<h2 style=\"text-align: left; \"><a title=\"\" href=\"https://www.equador.rn.leg.br/institucional/historia-legislatura/2021-2024/jose-geraldo-da-silva-junior-1\" class=\"external-link\" target=\"_blank\">Jos\u00e9 Geraldo da Silva </a></h2>\r\n<h2><a title=\"\" href=\"https://www.equador.rn.leg.br/institucional/historia-legislatura/2021-2024/jose-geraldo-da-silva-junior-1\" class=\"external-link\" target=\"_blank\">J\u00fanior\u00a0 PT</a></h2>\r\n</th><th>\r\n<p style=\"text-align: left; \"><a title=\"\" href=\"https://www.equador.rn.leg.br/institucional/historia-legislatura/2021-2024/mariano-noberto-da-silva\" class=\"external-link\" target=\"_blank\"><img src=\"https://www.equador.rn.leg.br/2MarianoNobertodaSilva.png\" alt=\"\" class=\"image-inline\" title=\"\" /></a></p>\r\n<h2 style=\"text-align: left; \"><a title=\"\" href=\"https://www.equador.rn.leg.br/institucional/historia-legislatura/2021-2024/mariano-noberto-da-silva\" class=\"external-link\" target=\"_blank\">Mariano Noberto da Silva</a></h2>\r\n<h2 style=\"text-align: left; \"><a title=\"\" href=\"https://www.equador.rn.leg.br/institucional/historia-legislatura/2021-2024/mariano-noberto-da-silva\" class=\"external-link\" target=\"_blank\">PSD</a></h2>\r\n</th><th>\r\n<p style=\"text-align: left; \"><a title=\"\" href=\"https://www.equador.rn.leg.br/institucional/historia-legislatura/2021-2024/lutembergue-guedes-vanderlei\" class=\"external-link\" target=\"_blank\"><img src=\"https://www.equador.rn.leg.br/3LutembergueGuedesVanderlei.png\" alt=\"\" class=\"image-inline\" title=\"\" /></a></p>\r\n<h2 style=\"text-align: left; \"><a title=\"\" href=\"https://www.equador.rn.leg.br/institucional/historia-legislatura/2021-2024/lutembergue-guedes-vanderlei\" class=\"external-link\" target=\"_blank\">Lutembergue Guedes</a></h2>\r\n<h2>-\u00a0<a title=\"\" href=\"https://www.equador.rn.leg.br/institucional/historia-legislatura/2021-2024/lutembergue-guedes-vanderlei\" class=\"external-link\" target=\"_blank\">Vanderlei\u00a0\u00a0<span>PSD</span></a></h2>\r\n</th><th>\r\n<p><a title=\"\" href=\"https://www.equador.rn.leg.br/institucional/historia-legislatura/2021-2024/francisco-grangeiro-diniz-neto\" class=\"external-link\" target=\"_blank\"><img src=\"https://www.equador.rn.leg.br/4FranciscoGrangeiroDinizNeto.png\" alt=\"\" class=\"image-inline\" title=\"\" /></a></p>\r\n<h2><a title=\"\" href=\"https://www.equador.rn.leg.br/institucional/historia-legislatura/2021-2024/francisco-grangeiro-diniz-neto\" class=\"external-link\" target=\"_blank\">Francisco Grangeiro Diniz Neto\u00a0\u00a0<span>PSD</span></a></h2>\r\n</th><th></th></tr>\r\n<tr>\r\n<td>\r\n<p><a title=\"\" href=\"https://www.equador.rn.leg.br/institucional/historia-legislatura/2021-2024/welson-bezerra\" class=\"external-link\" target=\"_blank\"><img src=\"https://www.equador.rn.leg.br/5WelsonBezerra.png\" alt=\"\" class=\"image-inline\" title=\"\" /></a></p>\r\n<h2><a title=\"\" href=\"https://www.equador.rn.leg.br/institucional/historia-legislatura/2021-2024/welson-bezerra\" class=\"external-link\" target=\"_blank\">Welson Bezerra</a></h2>\r\n<h2>\u00a0<a title=\"\" href=\"https://www.equador.rn.leg.br/institucional/historia-legislatura/2021-2024/welson-bezerra\" class=\"external-link\" target=\"_blank\">PSD</a></h2>\r\n</td>\r\n<td>\r\n<p><a title=\"\" href=\"https://www.equador.rn.leg.br/institucional/historia-legislatura/2021-2024/jose-frankiney-de-souza-andrade\" class=\"external-link\" target=\"_blank\"><img src=\"https://www.equador.rn.leg.br/JosFrankineydeSouzaAndrade.png\" alt=\"\" class=\"image-inline\" title=\"\" /></a></p>\r\n<h2 class=\"mt-3 text-secondary\"><a title=\"\" href=\"https://www.equador.rn.leg.br/institucional/historia-legislatura/2021-2024/jose-frankiney-de-souza-andrade\" class=\"external-link\" target=\"_blank\">Jos\u00e9 Frankiney de Souza Andrade\u00a0\u00a0<span>PSD</span></a></h2>\r\n</td>\r\n<td>\r\n<p><a title=\"\" href=\"https://www.equador.rn.leg.br/institucional/historia-legislatura/2021-2024/fabio-aurelio-bulcao\" class=\"external-link\" target=\"_blank\"><img src=\"https://www.equador.rn.leg.br/7FbioAurlioBulco.png\" alt=\"\" class=\"image-inline\" title=\"\" /></a></p>\r\n<h2><a title=\"\" href=\"https://www.equador.rn.leg.br/institucional/historia-legislatura/2021-2024/fabio-aurelio-bulcao\" class=\"external-link\" target=\"_blank\">F\u00e1bio Aur\u00e9lio Bulc\u00e3o</a></h2>\r\n<h2>\u00a0<a title=\"\" href=\"https://www.equador.rn.leg.br/institucional/historia-legislatura/2021-2024/fabio-aurelio-bulcao\" class=\"external-link\" target=\"_blank\">PSDB</a></h2>\r\n</td>\r\n<td>\r\n<p><a title=\"\" href=\"https://www.equador.rn.leg.br/institucional/historia-legislatura/2021-2024/petronio-felipe-diniz\" class=\"external-link\" target=\"_blank\"><img src=\"https://www.equador.rn.leg.br/8PetrnioFelipeDiniz.png\" alt=\"\" class=\"image-inline\" title=\"\" /></a></p>\r\n<h2><a title=\"\" href=\"https://www.equador.rn.leg.br/institucional/historia-legislatura/2021-2024/petronio-felipe-diniz\" class=\"external-link\" target=\"_blank\">Petr\u00f4nio Felipe Diniz</a></h2>\r\n<h2>\u00a0<a title=\"\" href=\"https://www.equador.rn.leg.br/institucional/historia-legislatura/2021-2024/petronio-felipe-diniz\" class=\"external-link\" target=\"_blank\">PL</a></h2>\r\n</td>\r\n<td></td>\r\n</tr>\r\n</tbody>\r\n</table>\r\n<p><a title=\"\" href=\"https://www.equador.rn.leg.br/institucional/historia-legislatura/2021-2024/josenildo-alexandrino-da-nobrega\" class=\"external-link\" target=\"_blank\"><img src=\"https://www.equador.rn.leg.br/9JosenildoAlexandrinodaNbrega.png\" alt=\"\" class=\"image-inline\" title=\"\" /></a></p>\r\n<h2><a title=\"\" href=\"https://www.equador.rn.leg.br/institucional/historia-legislatura/2021-2024/josenildo-alexandrino-da-nobrega\" class=\"external-link\" target=\"_blank\">Josenildo Alexandrino da </a></h2>\r\n<h2><a title=\"\" href=\"https://www.equador.rn.leg.br/institucional/historia-legislatura/2021-2024/josenildo-alexandrino-da-nobrega\" class=\"external-link\" target=\"_blank\">N\u00f3brega\u00a0\u00a0<span>DEM</span></a></h2>", "author_name": "", "version": "1.0", "author_url": "https://www.equador.rn.leg.br/author/age", "provider_name": "C\u00e2mara Municipal ", "type": "rich"}